{"id":661,"date":"2019-12-05T20:54:35","date_gmt":"2019-12-05T19:54:35","guid":{"rendered":"http:\/\/blog.schneckengruenes.de\/?p=661"},"modified":"2020-11-11T11:10:42","modified_gmt":"2020-11-11T10:10:42","slug":"fuer-den-nikolaus","status":"publish","type":"post","link":"https:\/\/blog.schneckengruenes.de\/?p=661","title":{"rendered":"F\u00fcr den Nikolaus"},"content":{"rendered":"\n<p>Der Nikolaus wird ja eigentlich immer verr\u00fcckter&#8230;. Fr\u00fcher (als die Z\u00e4pfchen noch aus Holz waren)&nbsp;war es doch eher so,&nbsp;dass es eine Orange, ein paar N\u00fcsse und wenn es dumm gelaufen ist, auch mal ein St\u00fcck Kohle in den Stiefel gegeben hat.<\/p>\n\n\n\n<p>Heute meint es der liebe Nikolaus sehr sehr gut mit den Kids. Da fragt man sich: &#8222;Ja ist denn schon Weihnachten?&#8220;.&nbsp; Aber wie gesagt, er meint es ja nur gut.<\/p>\n\n\n\n<p>Aus diesem Grund wollen wir dem Nikolaus dieses Jahr auch mal etwas Gutes tun. Damit er auch noch viele, viele Jahrhunderte die Kinderaugen am Morgen des 6. Dezember zum Leuchten bringt, habe ich dem Nikolaus einen ganz besonderen Trank gebraut &#8211; <a href=\"https:\/\/www.rezeptwelt.de\/suche?rec_all=0&amp;search=ingwer+zitronen+honig+sirup\">einen Ingwer-Zitronen-Honig-Sirup<\/a>.<\/p>\n\n\n\n<p>Ich habe mir sagen lassen, das wirkt Wunder. Ich probiere es selbst gerade aus und hoffe, dem Nikolaus verhilft es auch sich vor omin\u00f6sen Erk\u00e4ltungsviren zu sch\u00fctzen.<\/p>\n\n\n\n<p>Probierts aus!<\/p>\n\n\n\n<figure class=\"wp-block-image size-large\"><img loading=\"lazy\" width=\"630\" height=\"1024\" src=\"http:\/\/blog.schneckengruenes.de\/wp-content\/uploads\/2019\/12\/20191205_195823-1-630x1024.jpg\" alt=\"\" class=\"wp-image-660\" srcset=\"https:\/\/blog.schneckengruenes.de\/wp-content\/uploads\/2019\/12\/20191205_195823-1-630x1024.jpg 630w, https:\/\/blog.schneckengruenes.de\/wp-content\/uploads\/2019\/12\/20191205_195823-1-185x300.jpg 185w, https:\/\/blog.schneckengruenes.de\/wp-content\/uploads\/2019\/12\/20191205_195823-1-768x1248.jpg 768w, https:\/\/blog.schneckengruenes.de\/wp-content\/uploads\/2019\/12\/20191205_195823-1-945x1536.jpg 945w, https:\/\/blog.schneckengruenes.de\/wp-content\/uploads\/2019\/12\/20191205_195823-1-1260x2048.jpg 1260w, https:\/\/blog.schneckengruenes.de\/wp-content\/uploads\/2019\/12\/20191205_195823-1-982x1596.jpg 982w, https:\/\/blog.schneckengruenes.de\/wp-content\/uploads\/2019\/12\/20191205_195823-1-246x400.jpg 246w, https:\/\/blog.schneckengruenes.de\/wp-content\/uploads\/2019\/12\/20191205_195823-1-scaled.jpg 1575w\" sizes=\"(max-width: 630px) 100vw, 630px\" \/><\/figure>\n","protected":false},"excerpt":{"rendered":"<p>Der Nikolaus wird ja eigentlich immer verr\u00fcckter&#8230;. Fr\u00fcher (als die Z\u00e4pfchen noch aus Holz waren)&nbsp;war es doch eher so,&nbsp;dass es eine Orange, ein paar N\u00fcsse und wenn es dumm gelaufen ist, auch mal ein St\u00fcck Kohle in den Stiefel gegeben hat. Heute meint es der liebe Nikolaus sehr sehr gut mit den Kids. Da fragt&hellip; <a href=\"https:\/\/blog.schneckengruenes.de\/?p=661\" class=\"more-link\">Weiterlesen <span class=\"screen-reader-text\">F\u00fcr den Nikolaus<\/span><\/a><\/p>\n","protected":false},"author":2,"featured_media":660,"comment_status":"closed","ping_status":"closed","sticky":false,"template":"","format":"standard","meta":{"spay_email":"","jetpack_publicize_message":"","jetpack_is_tweetstorm":false},"categories":[8],"tags":[],"jetpack_featured_media_url":"https:\/\/blog.schneckengruenes.de\/wp-content\/uploads\/2019\/12\/20191205_195823-1-scaled.jpg","jetpack_publicize_connections":[],"jetpack_sharing_enabled":true,"jetpack_shortlink":"https:\/\/wp.me\/p8hihT-aF","_links":{"self":[{"href":"https:\/\/blog.schneckengruenes.de\/index.php?rest_route=\/wp\/v2\/posts\/661"}],"collection":[{"href":"https:\/\/blog.schneckengruenes.de\/index.php?rest_route=\/wp\/v2\/posts"}],"about":[{"href":"https:\/\/blog.schneckengruenes.de\/index.php?rest_route=\/wp\/v2\/types\/post"}],"author":[{"embeddable":true,"href":"https:\/\/blog.schneckengruenes.de\/index.php?rest_route=\/wp\/v2\/users\/2"}],"replies":[{"embeddable":true,"href":"https:\/\/blog.schneckengruenes.de\/index.php?rest_route=%2Fwp%2Fv2%2Fcomments&post=661"}],"version-history":[{"count":2,"href":"https:\/\/blog.schneckengruenes.de\/index.php?rest_route=\/wp\/v2\/posts\/661\/revisions"}],"predecessor-version":[{"id":663,"href":"https:\/\/blog.schneckengruenes.de\/index.php?rest_route=\/wp\/v2\/posts\/661\/revisions\/663"}],"wp:featuredmedia":[{"embeddable":true,"href":"https:\/\/blog.schneckengruenes.de\/index.php?rest_route=\/wp\/v2\/media\/660"}],"wp:attachment":[{"href":"https:\/\/blog.schneckengruenes.de\/index.php?rest_route=%2Fwp%2Fv2%2Fmedia&parent=661"}],"wp:term":[{"taxonomy":"category","embeddable":true,"href":"https:\/\/blog.schneckengruenes.de\/index.php?rest_route=%2Fwp%2Fv2%2Fcategories&post=661"},{"taxonomy":"post_tag","embeddable":true,"href":"https:\/\/blog.schneckengruenes.de\/index.php?rest_route=%2Fwp%2Fv2%2Ftags&post=661"}],"curies":[{"name":"wp","href":"https:\/\/api.w.org\/{rel}","templated":true}]}}